{"id":1395,"date":"2025-07-22T19:40:44","date_gmt":"2025-07-22T19:40:44","guid":{"rendered":"https:\/\/hakunamatatamadrid.com\/?p=1395"},"modified":"2025-07-22T19:40:48","modified_gmt":"2025-07-22T19:40:48","slug":"cannabis-y-politicas-publicas-descriminalizar-es-suficiente","status":"publish","type":"post","link":"https:\/\/hakunamatatamadrid.com\/es\/cannabis-y-politicas-publicas-descriminalizar-es-suficiente\/","title":{"rendered":"Cannabis y pol\u00edticas p\u00fablicas: \u00bfdescriminalizar es suficiente?"},"content":{"rendered":"<p><strong>Introducci\u00f3n: el auge del debate sobre el cannabis<\/strong><\/p>\n\n\n\n<p>En las \u00faltimas d\u00e9cadas, el debate sobre el <a href=\"https:\/\/www.youtube.com\/channel\/UCjgmPyRxubcqpFzjXfZtfUg\" target=\"_blank\" rel=\"noopener\">cannabis<\/a> ha dejado de ser un tema marginal para <a href=\"https:\/\/br.pinterest.com\/pin\/993677105283863451\/\" target=\"_blank\" rel=\"noopener\">become<\/a> en una cuesti\u00f3n central dentro de las pol\u00edticas p\u00fablicas. Pa\u00edses de distintos continentes han comenzado a revisar sus leyes, adoptar enfoques m\u00e1s flexibles y cuestionar el fracaso del modelo <a href=\"https:\/\/www.google.com\/maps\/place\/HAKUNA+MATATA+-+SOCIAl+CLUB+M\/@40.4461379,-3.6748424,17z\/data=!3m1!4b1!4m6!3m5!1s0xd42299879caeb27:0x34743ac9bacff2d5!8m2!3d40.4461379!4d-3.6748424!16s%2Fg%2F11ybd3gs26?entry=ttu&amp;g_ep=EgoyMDI1MDIxOS4xIKXMDSoASAFQAw%3D%3D\" target=\"_blank\" rel=\"noopener\">prohibicionista<\/a>. En este escenario, la descriminalizaci\u00f3n del cannabis suele ser vista como un paso positivo. Pero surge una pregunta clave: \u00bfes suficiente con descriminalizar?<\/p>\n\n\n\n<p><strong>La descriminalizaci\u00f3n como punto de partida<\/strong><\/p>\n\n\n\n<p>Descriminalizar significa, en la mayor\u00eda de los casos, eliminar las sanciones penales por el uso o la posesi\u00f3n personal de cannabis. Es decir, dejar de tratar al consumidor como un criminal. Este cambio tiene implicaciones positivas inmediatas: reduce la presi\u00f3n sobre el sistema judicial, disminuye el n\u00famero de personas encarceladas y puede debilitar la estigmatizaci\u00f3n. Sin embargo, por s\u00ed sola, esta medida no aborda los aspectos estructurales del problema.<\/p>\n\n\n\n<p><strong>Las limitaciones de una reforma parcial<\/strong><\/p>\n\n\n\n<p>Descriminalizar sin acompa\u00f1ar con otras pol\u00edticas puede dejar vac\u00edos preocupantes:<\/p>\n\n\n\n<ul class=\"wp-block-list\">\n<li>El mercado sigue controlado por redes ilegales<br><\/li>\n\n\n\n<li>El acceso a cannabis seguro y de calidad sigue siendo limitado<br><\/li>\n\n\n\n<li>Las comunidades afectadas por la criminalizaci\u00f3n no reciben reparaci\u00f3n<br><\/li>\n\n\n\n<li>No se crean mecanismos efectivos de prevenci\u00f3n ni reducci\u00f3n de riesgos<br><\/li>\n<\/ul>\n\n\n\n<p>As\u00ed, la descriminalizaci\u00f3n puede convertirse en un gesto simb\u00f3lico si no est\u00e1 articulada con una pol\u00edtica integral que abarque salud, educaci\u00f3n, econom\u00eda y justicia social.<\/p>\n\n\n\n<p><strong>Regulaci\u00f3n con enfoque social: una necesidad urgente<\/strong><\/p>\n\n\n\n<p>Para que el cambio sea real, es fundamental avanzar hacia la regulaci\u00f3n del cannabis, es decir, su legalizaci\u00f3n bajo reglas claras y justas. Pero esta regulaci\u00f3n no debe ser pensada solo desde la l\u00f3gica del mercado. Debe incorporar un enfoque social que garantice:<\/p>\n\n\n\n<ul class=\"wp-block-list\">\n<li>Inclusi\u00f3n de comunidades hist\u00f3ricamente criminalizadas<br><\/li>\n\n\n\n<li>Reparto equitativo de los beneficios econ\u00f3micos<br><\/li>\n\n\n\n<li>Modelos cooperativos y comunitarios de producci\u00f3n<br><\/li>\n\n\n\n<li>Participaci\u00f3n ciudadana en el dise\u00f1o de las pol\u00edticas<br><\/li>\n<\/ul>\n\n\n\n<p>Una pol\u00edtica p\u00fablica comprometida con la equidad no puede dejar fuera a quienes han sido m\u00e1s afectados por la guerra contra las drogas.<\/p>\n\n\n\n<p><strong>Salud, educaci\u00f3n y reducci\u00f3n de da\u00f1os: pilares fundamentales<\/strong><\/p>\n\n\n\n<p>Descriminalizar no basta si no se acompa\u00f1an acciones concretas en el campo de la salud p\u00fablica. Se necesita ampliar el acceso a informaci\u00f3n fiable, a servicios de salud mental y a estrategias de reducci\u00f3n de da\u00f1os. Adem\u00e1s, es clave capacitar a profesionales, docentes y familias para que puedan acompa\u00f1ar procesos sin juicio ni estigmas.<\/p>\n\n\n\n<p><strong>Transparencia, datos y evaluaci\u00f3n constante<\/strong><\/p>\n\n\n\n<p>Toda pol\u00edtica p\u00fablica debe basarse en datos. Por eso, es indispensable que los pa\u00edses que implementen la descriminalizaci\u00f3n monitoreen los impactos, identifiquen desaf\u00edos y ajusten sus estrategias cuando sea necesario. La transparencia en la informaci\u00f3n fortalece la confianza de la sociedad y permite construir una base s\u00f3lida para futuras reformas.<\/p>\n\n\n\n<p><strong>La descriminalizaci\u00f3n como parte de una agenda mayor<\/strong><\/p>\n\n\n\n<p>Descriminalizar el cannabis no es un fin en s\u00ed mismo, sino parte de una transformaci\u00f3n m\u00e1s amplia: la de construir pol\u00edticas p\u00fablicas centradas en los derechos humanos, la justicia social y el bienestar colectivo. Esto implica revisar no solo las leyes de drogas, sino todo el sistema penal, econ\u00f3mico y educativo que sostiene las desigualdades actuales.<\/p>\n\n\n\n<p><strong>Conclusi\u00f3n: el reto de ir m\u00e1s all\u00e1<\/strong><\/p>\n\n\n\n<p>Descriminalizar el cannabis es un paso importante, pero no puede ser el \u00faltimo. Sin regulaci\u00f3n, reparaci\u00f3n y participaci\u00f3n social, el cambio queda incompleto. Para que las pol\u00edticas p\u00fablicas realmente transformen la realidad, deben ir m\u00e1s all\u00e1 del castigo y apostar por el cuidado, la justicia y la equidad. El futuro del cannabis no se decide solo en los c\u00f3digos penales, sino en la voluntad pol\u00edtica de construir un nuevo modelo de convivencia.<\/p>","protected":false},"excerpt":{"rendered":"<p>Introducci\u00f3n: el auge del debate sobre el cannabis En las \u00faltimas d\u00e9cadas, el debate sobre el cannabis ha dejado de ser un tema marginal para convertirse en una cuesti\u00f3n central dentro de las pol\u00edticas p\u00fablicas. Pa\u00edses de distintos continentes han comenzado a revisar sus leyes, adoptar enfoques m\u00e1s flexibles y cuestionar el fracaso del modelo&hellip; <a class=\"more-link\" href=\"https:\/\/hakunamatatamadrid.com\/es\/cannabis-y-politicas-publicas-descriminalizar-es-suficiente\/\">Seguir leyendo <span class=\"screen-reader-text\">Cannabis y pol\u00edticas p\u00fablicas: \u00bfdescriminalizar es suficiente?<\/span><\/a><\/p>","protected":false},"author":2,"featured_media":1396,"comment_status":"open","ping_status":"open","sticky":false,"template":"","format":"standard","meta":{"om_disable_all_campaigns":false,"footnotes":""},"categories":[1],"tags":[],"class_list":["post-1395","post","type-post","status-publish","format-standard","has-post-thumbnail","hentry","category-blog","entry"],"_links":{"self":[{"href":"https:\/\/hakunamatatamadrid.com\/es\/wp-json\/wp\/v2\/posts\/1395","targetHints":{"allow":["GET"]}}],"collection":[{"href":"https:\/\/hakunamatatamadrid.com\/es\/wp-json\/wp\/v2\/posts"}],"about":[{"href":"https:\/\/hakunamatatamadrid.com\/es\/wp-json\/wp\/v2\/types\/post"}],"author":[{"embeddable":true,"href":"https:\/\/hakunamatatamadrid.com\/es\/wp-json\/wp\/v2\/users\/2"}],"replies":[{"embeddable":true,"href":"https:\/\/hakunamatatamadrid.com\/es\/wp-json\/wp\/v2\/comments?post=1395"}],"version-history":[{"count":1,"href":"https:\/\/hakunamatatamadrid.com\/es\/wp-json\/wp\/v2\/posts\/1395\/revisions"}],"predecessor-version":[{"id":1397,"href":"https:\/\/hakunamatatamadrid.com\/es\/wp-json\/wp\/v2\/posts\/1395\/revisions\/1397"}],"wp:featuredmedia":[{"embeddable":true,"href":"https:\/\/hakunamatatamadrid.com\/es\/wp-json\/wp\/v2\/media\/1396"}],"wp:attachment":[{"href":"https:\/\/hakunamatatamadrid.com\/es\/wp-json\/wp\/v2\/media?parent=1395"}],"wp:term":[{"taxonomy":"category","embeddable":true,"href":"https:\/\/hakunamatatamadrid.com\/es\/wp-json\/wp\/v2\/categories?post=1395"},{"taxonomy":"post_tag","embeddable":true,"href":"https:\/\/hakunamatatamadrid.com\/es\/wp-json\/wp\/v2\/tags?post=1395"}],"curies":[{"name":"wp","href":"https:\/\/api.w.org\/{rel}","templated":true}]}}