{"id":1391,"date":"2025-07-17T12:52:32","date_gmt":"2025-07-17T12:52:32","guid":{"rendered":"https:\/\/hakunamatatamadrid.com\/?p=1391"},"modified":"2025-07-17T12:52:35","modified_gmt":"2025-07-17T12:52:35","slug":"del-estigma-a-la-accion-la-nueva-era-del-activismo-canabico","status":"publish","type":"post","link":"https:\/\/hakunamatatamadrid.com\/es\/del-estigma-a-la-accion-la-nueva-era-del-activismo-canabico\/","title":{"rendered":"Del Estigma a la Acci\u00f3n: La Nueva Era del Activismo Can\u00e1bico"},"content":{"rendered":"<p><strong>Un pasado marcado por el silencio y la criminalizaci\u00f3n<\/strong><\/p>\n\n\n\n<p>Durante d\u00e9cadas, el consumo de <a href=\"https:\/\/www.youtube.com\/channel\/UCjgmPyRxubcqpFzjXfZtfUg\" target=\"_blank\" rel=\"noopener\">cannabis<\/a> fue sin\u00f3nimo de marginalidad, delincuencia y desviaci\u00f3n. El estigma construido por pol\u00edticas prohibicionistas y discursos <a href=\"https:\/\/br.pinterest.com\/pin\/993677105283863451\/\" target=\"_blank\" rel=\"noopener\">moralistas<\/a> redujo la conversaci\u00f3n a un binarismo t\u00f3xico: o eras consumidor y, por tanto, \"problem\u00e1tico\", o eras parte de una sociedad que negaba la realidad. Este escenario no solo limit\u00f3 derechos, sino que gener\u00f3 miedo, verg\u00fcenza y <a href=\"https:\/\/www.google.com\/maps\/place\/HAKUNA+MATATA+-+SOCIAl+CLUB+M\/@40.4461379,-3.6748424,17z\/data=!3m1!4b1!4m6!3m5!1s0xd42299879caeb27:0x34743ac9bacff2d5!8m2!3d40.4461379!4d-3.6748424!16s%2Fg%2F11ybd3gs26?entry=ttu&amp;g_ep=EgoyMDI1MDIxOS4xIKXMDSoASAFQAw%3D%3D\" target=\"_blank\" rel=\"noopener\">desinformaci\u00f3n<\/a>.<\/p>\n\n\n\n<p><strong>Romper el silencio: el primer acto pol\u00edtico<\/strong><\/p>\n\n\n\n<p>La actual era del activismo can\u00e1bico comienza con un gesto profundamente pol\u00edtico: hablar en voz alta. Contar experiencias, compartir saberes, cultivar de forma consciente, exigir visibilidad. El solo hecho de nombrar la planta desde un lugar de cuidado y dignidad es ya una forma de resistencia. Las nuevas generaciones no aceptan el silencio como norma. En su lugar, apuestan por la expresi\u00f3n, la visibilidad y la verdad.<\/p>\n\n\n\n<p><strong>Colectivos emergentes y redes de apoyo<\/strong><\/p>\n\n\n\n<p>En barrios, universidades, espacios culturales e incluso entornos virtuales, est\u00e1n emergiendo colectivos que promueven un enfoque distinto hacia el cannabis. Estos grupos no s\u00f3lo luchan por la legalizaci\u00f3n, sino que crean redes de apoyo para usuarias\/os, impulsan campa\u00f1as de reducci\u00f3n de da\u00f1os, y articulan debates p\u00fablicos con mirada cr\u00edtica, feminista y anticolonial.<\/p>\n\n\n\n<p><strong>La cultura como herramienta de transformaci\u00f3n<\/strong><\/p>\n\n\n\n<p>El activismo can\u00e1bico contempor\u00e1neo se apoya en la m\u00fasica, el cine, el arte urbano, la literatura y la performance para comunicar sus mensajes. Festivales cann\u00e1bicos, documentales independientes, poes\u00eda militante y dise\u00f1os gr\u00e1ficos son formas de intervenci\u00f3n cultural que ayudan a desarmar el estigma desde lo emocional y lo est\u00e9tico. La cultura se convierte as\u00ed en una poderosa aliada del cambio.<\/p>\n\n\n\n<p><strong>Cannabis y pol\u00edtica: del margen al centro del debate<\/strong><\/p>\n\n\n\n<p>La discusi\u00f3n sobre el cannabis ha pasado de los m\u00e1rgenes a los parlamentos, gracias a la presi\u00f3n constante de una ciudadan\u00eda informada y movilizada. Las propuestas de regulaci\u00f3n con enfoque de derechos, los debates sobre reparaci\u00f3n social y el cuestionamiento del modelo punitivista est\u00e1n cada vez m\u00e1s presentes en la agenda p\u00fablica. El activismo dej\u00f3 de ser una voz solitaria y se convirti\u00f3 en fuerza pol\u00edtica organizada.<\/p>\n\n\n\n<p><strong>Un activismo inclusivo, interseccional y comprometido<\/strong><\/p>\n\n\n\n<p>Lo que define a esta nueva era es su pluralidad. Ya no se trata solo de defender el derecho individual al consumo, sino de entender c\u00f3mo el prohibicionismo se cruza con el racismo, el clasismo, el machismo y otras formas de violencia estructural. Por eso, el activismo can\u00e1bico actual es necesariamente interseccional: lucha por una legalizaci\u00f3n justa, reparadora y socialmente transformadora.<\/p>\n\n\n\n<p><strong>Conclusi\u00f3n: del miedo al movimiento<\/strong><\/p>\n\n\n\n<p>Estamos asistiendo a un momento hist\u00f3rico. El miedo est\u00e1 siendo reemplazado por la acci\u00f3n colectiva, y el estigma por la conciencia. La nueva era del activismo can\u00e1bico no se define por la confrontaci\u00f3n, sino por la construcci\u00f3n. Una construcci\u00f3n que se teje desde abajo, con esperanza, convicci\u00f3n y una visi\u00f3n clara: la de una sociedad m\u00e1s libre, m\u00e1s emp\u00e1tica y profundamente humana.<\/p>","protected":false},"excerpt":{"rendered":"<p>Un pasado marcado por el silencio y la criminalizaci\u00f3n Durante d\u00e9cadas, el consumo de cannabis fue sin\u00f3nimo de marginalidad, delincuencia y desviaci\u00f3n. El estigma constru\u00eddo por pol\u00edticas prohibicionistas y discursos moralistas redujo la conversaci\u00f3n a un binarismo t\u00f3xico: o eras consumidor y, por tanto, &#8220;problem\u00e1tico&#8221;, o eras parte de una sociedad que negaba la realidad.&hellip; <a class=\"more-link\" href=\"https:\/\/hakunamatatamadrid.com\/es\/del-estigma-a-la-accion-la-nueva-era-del-activismo-canabico\/\">Seguir leyendo <span class=\"screen-reader-text\">Del Estigma a la Acci\u00f3n: La Nueva Era del Activismo Can\u00e1bico<\/span><\/a><\/p>","protected":false},"author":2,"featured_media":1392,"comment_status":"open","ping_status":"open","sticky":false,"template":"","format":"standard","meta":{"om_disable_all_campaigns":false,"footnotes":""},"categories":[1],"tags":[],"class_list":["post-1391","post","type-post","status-publish","format-standard","has-post-thumbnail","hentry","category-blog","entry"],"_links":{"self":[{"href":"https:\/\/hakunamatatamadrid.com\/es\/wp-json\/wp\/v2\/posts\/1391","targetHints":{"allow":["GET"]}}],"collection":[{"href":"https:\/\/hakunamatatamadrid.com\/es\/wp-json\/wp\/v2\/posts"}],"about":[{"href":"https:\/\/hakunamatatamadrid.com\/es\/wp-json\/wp\/v2\/types\/post"}],"author":[{"embeddable":true,"href":"https:\/\/hakunamatatamadrid.com\/es\/wp-json\/wp\/v2\/users\/2"}],"replies":[{"embeddable":true,"href":"https:\/\/hakunamatatamadrid.com\/es\/wp-json\/wp\/v2\/comments?post=1391"}],"version-history":[{"count":1,"href":"https:\/\/hakunamatatamadrid.com\/es\/wp-json\/wp\/v2\/posts\/1391\/revisions"}],"predecessor-version":[{"id":1393,"href":"https:\/\/hakunamatatamadrid.com\/es\/wp-json\/wp\/v2\/posts\/1391\/revisions\/1393"}],"wp:featuredmedia":[{"embeddable":true,"href":"https:\/\/hakunamatatamadrid.com\/es\/wp-json\/wp\/v2\/media\/1392"}],"wp:attachment":[{"href":"https:\/\/hakunamatatamadrid.com\/es\/wp-json\/wp\/v2\/media?parent=1391"}],"wp:term":[{"taxonomy":"category","embeddable":true,"href":"https:\/\/hakunamatatamadrid.com\/es\/wp-json\/wp\/v2\/categories?post=1391"},{"taxonomy":"post_tag","embeddable":true,"href":"https:\/\/hakunamatatamadrid.com\/es\/wp-json\/wp\/v2\/tags?post=1391"}],"curies":[{"name":"wp","href":"https:\/\/api.w.org\/{rel}","templated":true}]}}